{"id":666,"date":"2025-05-22T08:00:00","date_gmt":"2025-05-22T08:00:00","guid":{"rendered":"https:\/\/acemeafrica.com\/?p=666"},"modified":"2025-07-02T11:37:56","modified_gmt":"2025-07-02T11:37:56","slug":"africa-day-unlocking-the-continents-potential-by-fighting-vector-borne-diseases","status":"publish","type":"post","link":"https:\/\/acemeafrica.com\/fr\/africa-day-unlocking-the-continents-potential-by-fighting-vector-borne-diseases\/","title":{"rendered":"Journ\u00e9e de l'Afrique : Lib\u00e9rer le potentiel du continent en luttant contre les maladies \u00e0 transmission vectorielle\u00a0"},"content":{"rendered":"<p>La Journ\u00e9e de l'Afrique, qui a lieu chaque ann\u00e9e le 25 mai, est l'occasion de c\u00e9l\u00e9brer les r\u00e9alisations africaines et de r\u00e9fl\u00e9chir aux d\u00e9fis qui continuent de menacer le d\u00e9veloppement et le progr\u00e8s du continent. Parmi ces d\u00e9fis, les maladies \u00e0 transmission vectorielle restent l'une des plus urgents. Ces maladies - dont beaucoup sont transmises par des moustiques - continuent de faire des ravages dans la r\u00e9gion africaine, <a href=\"https:\/\/www.who.int\/news-room\/fact-sheets\/detail\/vector-borne-diseases\" target=\"_blank\" rel=\"noreferrer noopener\">affectant de mani\u00e8re disproportionn\u00e9e les populations les plus pauvres.<\/a>.\u00a0<\/p>\n\n\n\n<figure class=\"wp-block-image size-large\"><img loading=\"lazy\" decoding=\"async\" width=\"1564\" height=\"1080\" src=\"https:\/\/acemeafrica.com\/wp-content\/uploads\/2025\/05\/bill-wegener-LqOO5Ko0zSo-unsplash-1564x1080.jpg\" alt=\"\" class=\"wp-image-667\" srcset=\"https:\/\/acemeafrica.com\/wp-content\/uploads\/2025\/05\/bill-wegener-LqOO5Ko0zSo-unsplash-1564x1080.jpg 1564w, https:\/\/acemeafrica.com\/wp-content\/uploads\/2025\/05\/bill-wegener-LqOO5Ko0zSo-unsplash-1043x720.jpg 1043w, https:\/\/acemeafrica.com\/wp-content\/uploads\/2025\/05\/bill-wegener-LqOO5Ko0zSo-unsplash-768x530.jpg 768w, https:\/\/acemeafrica.com\/wp-content\/uploads\/2025\/05\/bill-wegener-LqOO5Ko0zSo-unsplash-1536x1061.jpg 1536w, https:\/\/acemeafrica.com\/wp-content\/uploads\/2025\/05\/bill-wegener-LqOO5Ko0zSo-unsplash-2048x1414.jpg 2048w, https:\/\/acemeafrica.com\/wp-content\/uploads\/2025\/05\/bill-wegener-LqOO5Ko0zSo-unsplash-18x12.jpg 18w\" sizes=\"auto, (max-width: 1564px) 100vw, 1564px\" \/><\/figure>\n\n\n\n<p><a href=\"https:\/\/www.who.int\/news-room\/fact-sheets\/detail\/malaria\" target=\"_blank\" rel=\"noreferrer noopener\"><strong><em>Au niveau mondial, la majorit\u00e9 des d\u00e9c\u00e8s dus au paludisme surviennent chez les enfants de moins de 5 ans.<\/em><\/strong><\/a><strong><em>&nbsp;<\/em><\/strong>&nbsp;<\/p>\n\n\n\n<p>Bien que des progr\u00e8s importants aient \u00e9t\u00e9 r\u00e9alis\u00e9s, la lutte contre les maladies \u00e0 transmission vectorielle est loin d'\u00eatre termin\u00e9e. Le paludisme continue de peser lourdement sur le continent africain, la r\u00e9gion africaine de l'OMS <a href=\"https:\/\/www.who.int\/teams\/global-malaria-programme\/reports\/world-malaria-report-2024\" target=\"_blank\" rel=\"noreferrer noopener\">supportant plus de 90 %<\/a> du fardeau mondial du paludisme. La dengue - un arbovirus transmis par <em>les moustiques Aedes<\/em> constitue \u00e9galement un d\u00e9fi, affectant plus de 70 000 personnes dans 15 pays africains en 2023, et plus particuli\u00e8rement au Burkina Faso. Des pays comme le S\u00e9n\u00e9gal et le Mali ont \u00e9galement connu r\u00e9cemment <a href=\"https:\/\/www.afro.who.int\/health-topics\/dengue\" target=\"_blank\" rel=\"noreferrer noopener\">des \u00e9pid\u00e9mies simultan\u00e9es<\/a> de dengue, de Zika et de chikungunya, soulignant la n\u00e9cessit\u00e9 d'une r\u00e9ponse coordonn\u00e9e pour lutter contre ces maladies.&nbsp;&nbsp;<\/p>\n\n\n\n<p>\u00c9tant donn\u00e9 que des conditions plus chaudes facilitent l'\u00e9tablissement des vecteurs dans de nouvelles r\u00e9gions, la hausse des temp\u00e9ratures provoqu\u00e9e par le changement climatique risque d'exacerber ces menaces. La r\u00e9sistance aux outils existants, tels que les m\u00e9dicaments et les insecticides, compromet \u00e9galement les progr\u00e8s r\u00e9alis\u00e9s dans la lutte contre les maladies \u00e0 transmission vectorielle telles que le paludisme. Face \u00e0 ces menaces, l'innovation est essentielle - non pas pour remplacer ce qui fonctionne d\u00e9j\u00e0, mais pour compl\u00e9ter et renforcer les interventions existantes.&nbsp;&nbsp;<\/p>\n\n\n\n<figure class=\"wp-block-image size-large\"><img loading=\"lazy\" decoding=\"async\" width=\"1620\" height=\"1080\" src=\"https:\/\/acemeafrica.com\/wp-content\/uploads\/2025\/05\/DSC00425-1-1620x1080.jpg\" alt=\"\" class=\"wp-image-669\" srcset=\"https:\/\/acemeafrica.com\/wp-content\/uploads\/2025\/05\/DSC00425-1-1620x1080.jpg 1620w, https:\/\/acemeafrica.com\/wp-content\/uploads\/2025\/05\/DSC00425-1-1080x720.jpg 1080w, https:\/\/acemeafrica.com\/wp-content\/uploads\/2025\/05\/DSC00425-1-768x512.jpg 768w, https:\/\/acemeafrica.com\/wp-content\/uploads\/2025\/05\/DSC00425-1-1536x1024.jpg 1536w, https:\/\/acemeafrica.com\/wp-content\/uploads\/2025\/05\/DSC00425-1-2048x1365.jpg 2048w, https:\/\/acemeafrica.com\/wp-content\/uploads\/2025\/05\/DSC00425-1-18x12.jpg 18w\" sizes=\"auto, (max-width: 1620px) 100vw, 1620px\" \/><figcaption class=\"wp-element-caption\"><strong><em>Chercheurs travaillant dans le laboratoire de l'Universit\u00e9 des sciences, techniques et technologies de Bamako, au Mali. Photographie : ACEME<\/em><\/strong>&nbsp;<\/figcaption><\/figure>\n\n\n\n<p>Mais l'innovation n'est pas qu'une question de technologie : il s'agit aussi de repenser les syst\u00e8mes et les approches. Jusqu'\u00e0 pr\u00e9sent, la conception et le d\u00e9veloppement d'outils innovants pour lutter contre les maladies \u00e0 transmission vectorielle ont eu lieu en grande partie en dehors de l'Afrique. \u00c0 l'ACEME, notre mission est de donner aux scientifiques africains les moyens de mener la lutte contre les maladies \u00e0 transmission vectorielle. Nous cr\u00e9ons une plateforme o\u00f9 les chercheurs de tout le continent peuvent acqu\u00e9rir des comp\u00e9tences en ing\u00e9nierie mol\u00e9culaire et contribuer au d\u00e9veloppement de nouveaux outils g\u00e9n\u00e9tiques pour lutter contre les maladies \u00e0 transmission vectorielle. &nbsp;<\/p>\n\n\n\n<p>Les maladies \u00e0 transmission vectorielle telles que le paludisme, la dengue et la fi\u00e8vre jaune sont plus qu'une simple menace pour la sant\u00e9 publique : elles constituent des obstacles au d\u00e9veloppement, \u00e0 l'\u00e9ducation et \u00e0 la stabilit\u00e9 \u00e9conomique. En cette Journ\u00e9e de l'Afrique, nous devons renouveler notre engagement \u00e0 d\u00e9barrasser le continent africain de ces maladies. Gr\u00e2ce \u00e0 un engagement renouvel\u00e9, \u00e0 la collaboration et \u00e0 l'innovation, nous pouvons construire un avenir plus sain et lib\u00e9rer tout le potentiel de notre continent.&nbsp;<\/p>","protected":false},"excerpt":{"rendered":"<p>Held on May 25 each year, Africa Day presents an occasion to celebrate African achievements and reflect on the challenges that continue to threaten the continent\u2019s development and progress. Among these, vector-borne diseases remain one of the most pressing. These diseases \u2013 many of which are transmitted by mosquitoes \u2013 continue to take a devastating&hellip;<\/p>","protected":false},"author":15,"featured_media":667,"comment_status":"closed","ping_status":"closed","sticky":false,"template":"","format":"standard","meta":{"inline_featured_image":false,"footnotes":""},"categories":[1],"tags":[],"post_series":[],"class_list":["post-666","post","type-post","status-publish","format-standard","has-post-thumbnail","hentry","category-uncategorized","entry","has-media"],"yoast_head":"<!-- This site is optimized with the Yoast SEO plugin v27.5 - https:\/\/yoast.com\/product\/yoast-seo-wordpress\/ -->\n<title>Africa Day: Unlocking the continent\u2019s potential by fighting vector-borne diseases\u00a0 - ACEME<\/title>\n<meta name=\"description\" content=\"Journ\u00e9e de l&#039;Afrique : Lib\u00e9rer le potentiel du continent en luttant contre les maladies \u00e0 transmission vectorielle\" \/>\n<meta name=\"robots\" content=\"index, follow, max-snippet:-1, max-image-preview:large, max-video-preview:-1\" \/>\n<link rel=\"canonical\" href=\"https:\/\/acemeafrica.com\/fr\/africa-day-unlocking-the-continents-potential-by-fighting-vector-borne-diseases\/\" \/>\n<meta property=\"og:locale\" content=\"fr_FR\" \/>\n<meta property=\"og:type\" content=\"article\" \/>\n<meta property=\"og:title\" content=\"Africa Day: Unlocking the continent\u2019s potential by fighting vector-borne diseases\u00a0 - ACEME\" \/>\n<meta property=\"og:description\" content=\"Journ\u00e9e de l&#039;Afrique : Lib\u00e9rer le potentiel du continent en luttant contre les maladies \u00e0 transmission vectorielle\" \/>\n<meta property=\"og:url\" content=\"https:\/\/acemeafrica.com\/fr\/africa-day-unlocking-the-continents-potential-by-fighting-vector-borne-diseases\/\" \/>\n<meta property=\"og:site_name\" content=\"ACEME\" \/>\n<meta property=\"article:published_time\" content=\"2025-05-22T08:00:00+00:00\" \/>\n<meta property=\"article:modified_time\" content=\"2025-07-02T11:37:56+00:00\" \/>\n<meta property=\"og:image\" content=\"https:\/\/acemeafrica.com\/wp-content\/uploads\/2025\/05\/bill-wegener-LqOO5Ko0zSo-unsplash-scaled.jpg\" \/>\n\t<meta property=\"og:image:width\" content=\"2560\" \/>\n\t<meta property=\"og:image:height\" content=\"1768\" \/>\n\t<meta property=\"og:image:type\" content=\"image\/jpeg\" \/>\n<meta name=\"author\" content=\"Boubacar Tembely\" \/>\n<meta name=\"twitter:card\" content=\"summary_large_image\" \/>\n<meta name=\"twitter:label1\" content=\"\u00c9crit par\" \/>\n\t<meta name=\"twitter:data1\" content=\"Boubacar Tembely\" \/>\n\t<meta name=\"twitter:label2\" content=\"Dur\u00e9e de lecture est.\" \/>\n\t<meta name=\"twitter:data2\" content=\"3 minutes\" \/>\n<script type=\"application\/ld+json\" class=\"yoast-schema-graph\">{\"@context\":\"https:\\\/\\\/schema.org\",\"@graph\":[{\"@type\":\"Article\",\"@id\":\"https:\\\/\\\/acemeafrica.com\\\/africa-day-unlocking-the-continents-potential-by-fighting-vector-borne-diseases\\\/#article\",\"isPartOf\":{\"@id\":\"https:\\\/\\\/acemeafrica.com\\\/africa-day-unlocking-the-continents-potential-by-fighting-vector-borne-diseases\\\/\"},\"author\":{\"name\":\"Boubacar Tembely\",\"@id\":\"https:\\\/\\\/acemeafrica.com\\\/#\\\/schema\\\/person\\\/d41712caf40d66c76406610bd8c5bd18\"},\"headline\":\"Africa Day: Unlocking the continent\u2019s potential by fighting vector-borne diseases\u00a0\",\"datePublished\":\"2025-05-22T08:00:00+00:00\",\"dateModified\":\"2025-07-02T11:37:56+00:00\",\"mainEntityOfPage\":{\"@id\":\"https:\\\/\\\/acemeafrica.com\\\/africa-day-unlocking-the-continents-potential-by-fighting-vector-borne-diseases\\\/\"},\"wordCount\":412,\"publisher\":{\"@id\":\"https:\\\/\\\/acemeafrica.com\\\/#organization\"},\"image\":{\"@id\":\"https:\\\/\\\/acemeafrica.com\\\/africa-day-unlocking-the-continents-potential-by-fighting-vector-borne-diseases\\\/#primaryimage\"},\"thumbnailUrl\":\"https:\\\/\\\/acemeafrica.com\\\/wp-content\\\/uploads\\\/2025\\\/05\\\/bill-wegener-LqOO5Ko0zSo-unsplash-scaled.jpg\",\"articleSection\":[\"Uncategorized\"],\"inLanguage\":\"fr-BE\"},{\"@type\":\"WebPage\",\"@id\":\"https:\\\/\\\/acemeafrica.com\\\/africa-day-unlocking-the-continents-potential-by-fighting-vector-borne-diseases\\\/\",\"url\":\"https:\\\/\\\/acemeafrica.com\\\/africa-day-unlocking-the-continents-potential-by-fighting-vector-borne-diseases\\\/\",\"name\":\"Africa Day: Unlocking the continent\u2019s potential by fighting vector-borne diseases\u00a0 - ACEME\",\"isPartOf\":{\"@id\":\"https:\\\/\\\/acemeafrica.com\\\/#website\"},\"primaryImageOfPage\":{\"@id\":\"https:\\\/\\\/acemeafrica.com\\\/africa-day-unlocking-the-continents-potential-by-fighting-vector-borne-diseases\\\/#primaryimage\"},\"image\":{\"@id\":\"https:\\\/\\\/acemeafrica.com\\\/africa-day-unlocking-the-continents-potential-by-fighting-vector-borne-diseases\\\/#primaryimage\"},\"thumbnailUrl\":\"https:\\\/\\\/acemeafrica.com\\\/wp-content\\\/uploads\\\/2025\\\/05\\\/bill-wegener-LqOO5Ko0zSo-unsplash-scaled.jpg\",\"datePublished\":\"2025-05-22T08:00:00+00:00\",\"dateModified\":\"2025-07-02T11:37:56+00:00\",\"description\":\"Journ\u00e9e de l'Afrique : Lib\u00e9rer le potentiel du continent en luttant contre les maladies \u00e0 transmission vectorielle\",\"breadcrumb\":{\"@id\":\"https:\\\/\\\/acemeafrica.com\\\/africa-day-unlocking-the-continents-potential-by-fighting-vector-borne-diseases\\\/#breadcrumb\"},\"inLanguage\":\"fr-BE\",\"potentialAction\":[{\"@type\":\"ReadAction\",\"target\":[\"https:\\\/\\\/acemeafrica.com\\\/africa-day-unlocking-the-continents-potential-by-fighting-vector-borne-diseases\\\/\"]}]},{\"@type\":\"ImageObject\",\"inLanguage\":\"fr-BE\",\"@id\":\"https:\\\/\\\/acemeafrica.com\\\/africa-day-unlocking-the-continents-potential-by-fighting-vector-borne-diseases\\\/#primaryimage\",\"url\":\"https:\\\/\\\/acemeafrica.com\\\/wp-content\\\/uploads\\\/2025\\\/05\\\/bill-wegener-LqOO5Ko0zSo-unsplash-scaled.jpg\",\"contentUrl\":\"https:\\\/\\\/acemeafrica.com\\\/wp-content\\\/uploads\\\/2025\\\/05\\\/bill-wegener-LqOO5Ko0zSo-unsplash-scaled.jpg\",\"width\":2560,\"height\":1768},{\"@type\":\"BreadcrumbList\",\"@id\":\"https:\\\/\\\/acemeafrica.com\\\/africa-day-unlocking-the-continents-potential-by-fighting-vector-borne-diseases\\\/#breadcrumb\",\"itemListElement\":[{\"@type\":\"ListItem\",\"position\":1,\"name\":\"Accueil\",\"item\":\"https:\\\/\\\/acemeafrica.com\\\/\"},{\"@type\":\"ListItem\",\"position\":2,\"name\":\"Africa Day: Unlocking the continent\u2019s potential by fighting vector-borne diseases\u00a0\"}]},{\"@type\":\"WebSite\",\"@id\":\"https:\\\/\\\/acemeafrica.com\\\/#website\",\"url\":\"https:\\\/\\\/acemeafrica.com\\\/\",\"name\":\"ACEME\",\"description\":\"African Center for Excellence in Molecular Engineering\",\"publisher\":{\"@id\":\"https:\\\/\\\/acemeafrica.com\\\/#organization\"},\"potentialAction\":[{\"@type\":\"SearchAction\",\"target\":{\"@type\":\"EntryPoint\",\"urlTemplate\":\"https:\\\/\\\/acemeafrica.com\\\/?s={search_term_string}\"},\"query-input\":{\"@type\":\"PropertyValueSpecification\",\"valueRequired\":true,\"valueName\":\"search_term_string\"}}],\"inLanguage\":\"fr-BE\"},{\"@type\":\"Organization\",\"@id\":\"https:\\\/\\\/acemeafrica.com\\\/#organization\",\"name\":\"ACEME\",\"url\":\"https:\\\/\\\/acemeafrica.com\\\/\",\"logo\":{\"@type\":\"ImageObject\",\"inLanguage\":\"fr-BE\",\"@id\":\"https:\\\/\\\/acemeafrica.com\\\/#\\\/schema\\\/logo\\\/image\\\/\",\"url\":\"https:\\\/\\\/acemeafrica.com\\\/wp-content\\\/uploads\\\/2024\\\/09\\\/ACEME-Logo-Final_Colours-Dark-Background.png\",\"contentUrl\":\"https:\\\/\\\/acemeafrica.com\\\/wp-content\\\/uploads\\\/2024\\\/09\\\/ACEME-Logo-Final_Colours-Dark-Background.png\",\"width\":3622,\"height\":1242,\"caption\":\"ACEME\"},\"image\":{\"@id\":\"https:\\\/\\\/acemeafrica.com\\\/#\\\/schema\\\/logo\\\/image\\\/\"}},{\"@type\":\"Person\",\"@id\":\"https:\\\/\\\/acemeafrica.com\\\/#\\\/schema\\\/person\\\/d41712caf40d66c76406610bd8c5bd18\",\"name\":\"Boubacar Tembely\",\"image\":{\"@type\":\"ImageObject\",\"inLanguage\":\"fr-BE\",\"@id\":\"https:\\\/\\\/secure.gravatar.com\\\/avatar\\\/ed420b8ee46c8cf7101dc76af363474b111b447afc47f1472bf5a5d322ab3459?s=96&d=mm&r=g\",\"url\":\"https:\\\/\\\/secure.gravatar.com\\\/avatar\\\/ed420b8ee46c8cf7101dc76af363474b111b447afc47f1472bf5a5d322ab3459?s=96&d=mm&r=g\",\"contentUrl\":\"https:\\\/\\\/secure.gravatar.com\\\/avatar\\\/ed420b8ee46c8cf7101dc76af363474b111b447afc47f1472bf5a5d322ab3459?s=96&d=mm&r=g\",\"caption\":\"Boubacar Tembely\"},\"description\":\"PhD Student, ACEME\",\"url\":\"https:\\\/\\\/acemeafrica.com\\\/fr\\\/author\\\/boubacar-tembely\\\/\"}]}<\/script>\n<!-- \/ Yoast SEO plugin. -->","yoast_head_json":{"title":"Africa Day: Unlocking the continent\u2019s potential by fighting vector-borne diseases\u00a0 - ACEME","description":"Journ\u00e9e de l'Afrique : Lib\u00e9rer le potentiel du continent en luttant contre les maladies \u00e0 transmission vectorielle","robots":{"index":"index","follow":"follow","max-snippet":"max-snippet:-1","max-image-preview":"max-image-preview:large","max-video-preview":"max-video-preview:-1"},"canonical":"https:\/\/acemeafrica.com\/fr\/africa-day-unlocking-the-continents-potential-by-fighting-vector-borne-diseases\/","og_locale":"fr_FR","og_type":"article","og_title":"Africa Day: Unlocking the continent\u2019s potential by fighting vector-borne diseases\u00a0 - ACEME","og_description":"Journ\u00e9e de l'Afrique : Lib\u00e9rer le potentiel du continent en luttant contre les maladies \u00e0 transmission vectorielle","og_url":"https:\/\/acemeafrica.com\/fr\/africa-day-unlocking-the-continents-potential-by-fighting-vector-borne-diseases\/","og_site_name":"ACEME","article_published_time":"2025-05-22T08:00:00+00:00","article_modified_time":"2025-07-02T11:37:56+00:00","og_image":[{"width":2560,"height":1768,"url":"https:\/\/acemeafrica.com\/wp-content\/uploads\/2025\/05\/bill-wegener-LqOO5Ko0zSo-unsplash-scaled.jpg","type":"image\/jpeg"}],"author":"Boubacar Tembely","twitter_card":"summary_large_image","twitter_misc":{"\u00c9crit par":"Boubacar Tembely","Dur\u00e9e de lecture est.":"3 minutes"},"schema":{"@context":"https:\/\/schema.org","@graph":[{"@type":"Article","@id":"https:\/\/acemeafrica.com\/africa-day-unlocking-the-continents-potential-by-fighting-vector-borne-diseases\/#article","isPartOf":{"@id":"https:\/\/acemeafrica.com\/africa-day-unlocking-the-continents-potential-by-fighting-vector-borne-diseases\/"},"author":{"name":"Boubacar Tembely","@id":"https:\/\/acemeafrica.com\/#\/schema\/person\/d41712caf40d66c76406610bd8c5bd18"},"headline":"Africa Day: Unlocking the continent\u2019s potential by fighting vector-borne diseases\u00a0","datePublished":"2025-05-22T08:00:00+00:00","dateModified":"2025-07-02T11:37:56+00:00","mainEntityOfPage":{"@id":"https:\/\/acemeafrica.com\/africa-day-unlocking-the-continents-potential-by-fighting-vector-borne-diseases\/"},"wordCount":412,"publisher":{"@id":"https:\/\/acemeafrica.com\/#organization"},"image":{"@id":"https:\/\/acemeafrica.com\/africa-day-unlocking-the-continents-potential-by-fighting-vector-borne-diseases\/#primaryimage"},"thumbnailUrl":"https:\/\/acemeafrica.com\/wp-content\/uploads\/2025\/05\/bill-wegener-LqOO5Ko0zSo-unsplash-scaled.jpg","articleSection":["Uncategorized"],"inLanguage":"fr-BE"},{"@type":"WebPage","@id":"https:\/\/acemeafrica.com\/africa-day-unlocking-the-continents-potential-by-fighting-vector-borne-diseases\/","url":"https:\/\/acemeafrica.com\/africa-day-unlocking-the-continents-potential-by-fighting-vector-borne-diseases\/","name":"Africa Day: Unlocking the continent\u2019s potential by fighting vector-borne diseases\u00a0 - ACEME","isPartOf":{"@id":"https:\/\/acemeafrica.com\/#website"},"primaryImageOfPage":{"@id":"https:\/\/acemeafrica.com\/africa-day-unlocking-the-continents-potential-by-fighting-vector-borne-diseases\/#primaryimage"},"image":{"@id":"https:\/\/acemeafrica.com\/africa-day-unlocking-the-continents-potential-by-fighting-vector-borne-diseases\/#primaryimage"},"thumbnailUrl":"https:\/\/acemeafrica.com\/wp-content\/uploads\/2025\/05\/bill-wegener-LqOO5Ko0zSo-unsplash-scaled.jpg","datePublished":"2025-05-22T08:00:00+00:00","dateModified":"2025-07-02T11:37:56+00:00","description":"Journ\u00e9e de l'Afrique : Lib\u00e9rer le potentiel du continent en luttant contre les maladies \u00e0 transmission vectorielle","breadcrumb":{"@id":"https:\/\/acemeafrica.com\/africa-day-unlocking-the-continents-potential-by-fighting-vector-borne-diseases\/#breadcrumb"},"inLanguage":"fr-BE","potentialAction":[{"@type":"ReadAction","target":["https:\/\/acemeafrica.com\/africa-day-unlocking-the-continents-potential-by-fighting-vector-borne-diseases\/"]}]},{"@type":"ImageObject","inLanguage":"fr-BE","@id":"https:\/\/acemeafrica.com\/africa-day-unlocking-the-continents-potential-by-fighting-vector-borne-diseases\/#primaryimage","url":"https:\/\/acemeafrica.com\/wp-content\/uploads\/2025\/05\/bill-wegener-LqOO5Ko0zSo-unsplash-scaled.jpg","contentUrl":"https:\/\/acemeafrica.com\/wp-content\/uploads\/2025\/05\/bill-wegener-LqOO5Ko0zSo-unsplash-scaled.jpg","width":2560,"height":1768},{"@type":"BreadcrumbList","@id":"https:\/\/acemeafrica.com\/africa-day-unlocking-the-continents-potential-by-fighting-vector-borne-diseases\/#breadcrumb","itemListElement":[{"@type":"ListItem","position":1,"name":"Accueil","item":"https:\/\/acemeafrica.com\/"},{"@type":"ListItem","position":2,"name":"Africa Day: Unlocking the continent\u2019s potential by fighting vector-borne diseases\u00a0"}]},{"@type":"WebSite","@id":"https:\/\/acemeafrica.com\/#website","url":"https:\/\/acemeafrica.com\/","name":"l'ACEME","description":"African Center for Excellence in Molecular Engineering","publisher":{"@id":"https:\/\/acemeafrica.com\/#organization"},"potentialAction":[{"@type":"SearchAction","target":{"@type":"EntryPoint","urlTemplate":"https:\/\/acemeafrica.com\/?s={search_term_string}"},"query-input":{"@type":"PropertyValueSpecification","valueRequired":true,"valueName":"search_term_string"}}],"inLanguage":"fr-BE"},{"@type":"Organization","@id":"https:\/\/acemeafrica.com\/#organization","name":"l'ACEME","url":"https:\/\/acemeafrica.com\/","logo":{"@type":"ImageObject","inLanguage":"fr-BE","@id":"https:\/\/acemeafrica.com\/#\/schema\/logo\/image\/","url":"https:\/\/acemeafrica.com\/wp-content\/uploads\/2024\/09\/ACEME-Logo-Final_Colours-Dark-Background.png","contentUrl":"https:\/\/acemeafrica.com\/wp-content\/uploads\/2024\/09\/ACEME-Logo-Final_Colours-Dark-Background.png","width":3622,"height":1242,"caption":"ACEME"},"image":{"@id":"https:\/\/acemeafrica.com\/#\/schema\/logo\/image\/"}},{"@type":"Person","@id":"https:\/\/acemeafrica.com\/#\/schema\/person\/d41712caf40d66c76406610bd8c5bd18","name":"Boubacar Tembely","image":{"@type":"ImageObject","inLanguage":"fr-BE","@id":"https:\/\/secure.gravatar.com\/avatar\/ed420b8ee46c8cf7101dc76af363474b111b447afc47f1472bf5a5d322ab3459?s=96&d=mm&r=g","url":"https:\/\/secure.gravatar.com\/avatar\/ed420b8ee46c8cf7101dc76af363474b111b447afc47f1472bf5a5d322ab3459?s=96&d=mm&r=g","contentUrl":"https:\/\/secure.gravatar.com\/avatar\/ed420b8ee46c8cf7101dc76af363474b111b447afc47f1472bf5a5d322ab3459?s=96&d=mm&r=g","caption":"Boubacar Tembely"},"description":"Doctorant, ACEME","url":"https:\/\/acemeafrica.com\/fr\/author\/boubacar-tembely\/"}]}},"_links":{"self":[{"href":"https:\/\/acemeafrica.com\/fr\/wp-json\/wp\/v2\/posts\/666","targetHints":{"allow":["GET"]}}],"collection":[{"href":"https:\/\/acemeafrica.com\/fr\/wp-json\/wp\/v2\/posts"}],"about":[{"href":"https:\/\/acemeafrica.com\/fr\/wp-json\/wp\/v2\/types\/post"}],"author":[{"embeddable":true,"href":"https:\/\/acemeafrica.com\/fr\/wp-json\/wp\/v2\/users\/15"}],"replies":[{"embeddable":true,"href":"https:\/\/acemeafrica.com\/fr\/wp-json\/wp\/v2\/comments?post=666"}],"version-history":[{"count":2,"href":"https:\/\/acemeafrica.com\/fr\/wp-json\/wp\/v2\/posts\/666\/revisions"}],"predecessor-version":[{"id":672,"href":"https:\/\/acemeafrica.com\/fr\/wp-json\/wp\/v2\/posts\/666\/revisions\/672"}],"wp:featuredmedia":[{"embeddable":true,"href":"https:\/\/acemeafrica.com\/fr\/wp-json\/wp\/v2\/media\/667"}],"wp:attachment":[{"href":"https:\/\/acemeafrica.com\/fr\/wp-json\/wp\/v2\/media?parent=666"}],"wp:term":[{"taxonomy":"category","embeddable":true,"href":"https:\/\/acemeafrica.com\/fr\/wp-json\/wp\/v2\/categories?post=666"},{"taxonomy":"post_tag","embeddable":true,"href":"https:\/\/acemeafrica.com\/fr\/wp-json\/wp\/v2\/tags?post=666"},{"taxonomy":"post_series","embeddable":true,"href":"https:\/\/acemeafrica.com\/fr\/wp-json\/wp\/v2\/post_series?post=666"}],"curies":[{"name":"wp","href":"https:\/\/api.w.org\/{rel}","templated":true}]}}